{"id":1545,"date":"2024-07-05T11:12:52","date_gmt":"2024-07-05T11:12:52","guid":{"rendered":"https:\/\/meftare.com\/rehber\/?p=1545"},"modified":"2024-07-07T13:55:36","modified_gmt":"2024-07-07T13:55:36","slug":"ardesen-gezilecek-yerler-listesi-en-guzel-8-yer","status":"publish","type":"post","link":"https:\/\/meftare.com\/rehber\/ardesen-gezilecek-yerler-listesi-en-guzel-8-yer\/","title":{"rendered":"Arde\u015fen Gezilecek Yerler Listesi \u2013 En G\u00fczel 8 Yer!"},"content":{"rendered":"\t\t<div data-elementor-type=\"wp-post\" data-elementor-id=\"1545\" class=\"elementor elementor-1545\" data-elementor-post-type=\"post\">\n\t\t\t\t<div class=\"elementor-element elementor-element-e5494bd e-flex e-con-boxed sticky-no is-skin bg-el bg-inherit bg-light nochange-no bg-no bg-no box-no e-con e-parent\" data-id=\"e5494bd\" data-element_type=\"container\">\n\t\t\t\t\t<div class=\"e-con-inner\">\n\t\t\t\t<div class=\"elementor-element elementor-element-af96556 elementor-widget-divider--view-line elementor-widget elementor-widget-divider\" data-id=\"af96556\" data-element_type=\"widget\" data-widget_type=\"divider.default\">\n\t\t\t\t<div class=\"elementor-widget-container\">\n\t\t\t\t\t\t\t<div class=\"elementor-divider\">\n\t\t\t<span class=\"elementor-divider-separator\">\n\t\t\t\t\t\t<\/span>\n\t\t<\/div>\n\t\t\t\t\t\t<\/div>\n\t\t\t\t<\/div>\n\t\t\t\t<div class=\"elementor-element elementor-element-5fc0dab elementor-drop-cap-yes elementor-drop-cap-view-default elementor-widget elementor-widget-text-editor\" data-id=\"5fc0dab\" data-element_type=\"widget\" data-settings=\"{&quot;drop_cap&quot;:&quot;yes&quot;}\" data-widget_type=\"text-editor.default\">\n\t\t\t\t<div class=\"elementor-widget-container\">\n\t\t\t\t\t\t\t\t\t<p>Arde\u015fen, do\u011fal g\u00fczellikleri, tarihi yap\u0131lar\u0131 ve zengin k\u00fclt\u00fcrel miras\u0131 ile ziyaret\u00e7ilerine unutulmaz deneyimler sunan bir il\u00e7edir. Bu b\u00f6lgeyi ziyaret ederek Karadeniz&#8217;in e\u015fsiz atmosferini ve misafirperverli\u011fini ke\u015ffedebilirsiniz.<\/p>\t\t\t\t\t\t\t\t<\/div>\n\t\t\t\t<\/div>\n\t\t\t\t<div class=\"elementor-element elementor-element-12f70f0 elementor-widget-divider--view-line elementor-widget elementor-widget-divider\" data-id=\"12f70f0\" data-element_type=\"widget\" data-widget_type=\"divider.default\">\n\t\t\t\t<div class=\"elementor-widget-container\">\n\t\t\t\t\t\t\t<div class=\"elementor-divider\">\n\t\t\t<span class=\"elementor-divider-separator\">\n\t\t\t\t\t\t<\/span>\n\t\t<\/div>\n\t\t\t\t\t\t<\/div>\n\t\t\t\t<\/div>\n\t\t\t\t<div class=\"elementor-element elementor-element-fdb729a elementor-widget elementor-widget-text-editor\" data-id=\"fdb729a\" data-element_type=\"widget\" data-widget_type=\"text-editor.default\">\n\t\t\t\t<div class=\"elementor-widget-container\">\n\t\t\t\t\t\t\t\t\t<b>1. F\u0131rt\u0131na Vadisi\n<\/b><\/br>F\u0131rt\u0131na Vadisi, Karadeniz&#8217;in en etkileyici do\u011fal g\u00fczelliklerinden biridir. Vadi boyunca akan F\u0131rt\u0131na Deresi, rafting ve kano gibi su sporlar\u0131 i\u00e7in pop\u00fcler bir yerdir. Ayr\u0131ca, vadi boyunca \u00e7e\u015fitli trekking rotalar\u0131 bulunur, bu rotalarda y\u00fcr\u00fcy\u00fc\u015f yaparak do\u011fan\u0131n tad\u0131n\u0131 \u00e7\u0131karabilirsiniz. Vadideki k\u00f6ylerde geleneksel Karadeniz evleri ve yerel halk\u0131n ya\u015fam tarz\u0131n\u0131 g\u00f6zlemleyebilirsiniz.\t\t\t\t\t\t\t\t<\/div>\n\t\t\t\t<\/div>\n\t\t\t\t<div class=\"elementor-element elementor-element-c150175 elementor-widget elementor-widget-image\" data-id=\"c150175\" data-element_type=\"widget\" data-widget_type=\"image.default\">\n\t\t\t\t<div class=\"elementor-widget-container\">\n\t\t\t\t\t\t\t\t\t\t\t\t\t\t\t<img loading=\"lazy\" decoding=\"async\" width=\"1024\" height=\"683\" src=\"https:\/\/meftare.com\/rehber\/wp-content\/uploads\/2024\/07\/firtinavadisi.webp\" class=\"attachment-large size-large wp-image-1553\" alt=\"\" srcset=\"https:\/\/meftare.com\/rehber\/wp-content\/uploads\/2024\/07\/firtinavadisi.webp 1024w, https:\/\/meftare.com\/rehber\/wp-content\/uploads\/2024\/07\/firtinavadisi-300x200.webp 300w, https:\/\/meftare.com\/rehber\/wp-content\/uploads\/2024\/07\/firtinavadisi-200x133.webp 200w, https:\/\/meftare.com\/rehber\/wp-content\/uploads\/2024\/07\/firtinavadisi-768x512.webp 768w, https:\/\/meftare.com\/rehber\/wp-content\/uploads\/2024\/07\/firtinavadisi-480x320.webp 480w\" sizes=\"auto, (max-width: 1024px) 100vw, 1024px\" \/>\t\t\t\t\t\t\t\t\t\t\t\t\t\t\t<\/div>\n\t\t\t\t<\/div>\n\t\t\t\t<div class=\"elementor-element elementor-element-2155f23 elementor-widget-divider--view-line elementor-widget elementor-widget-divider\" data-id=\"2155f23\" data-element_type=\"widget\" data-widget_type=\"divider.default\">\n\t\t\t\t<div class=\"elementor-widget-container\">\n\t\t\t\t\t\t\t<div class=\"elementor-divider\">\n\t\t\t<span class=\"elementor-divider-separator\">\n\t\t\t\t\t\t<\/span>\n\t\t<\/div>\n\t\t\t\t\t\t<\/div>\n\t\t\t\t<\/div>\n\t\t\t\t<div class=\"elementor-element elementor-element-94b7f3d elementor-widget elementor-widget-text-editor\" data-id=\"94b7f3d\" data-element_type=\"widget\" data-widget_type=\"text-editor.default\">\n\t\t\t\t<div class=\"elementor-widget-container\">\n\t\t\t\t\t\t\t\t\t<b>2. Zilkale\n<\/b><\/br>Zilkale, F\u0131rt\u0131na Vadisi&#8217;nin derinliklerinde, bir u\u00e7urumun tepesinde yer al\u0131r. 14. y\u00fczy\u0131lda in\u015fa edilen bu tarihi kale, 750 metre rak\u0131mda bulunmaktad\u0131r. Kaleye ula\u015fmak i\u00e7in dar bir yoldan ge\u00e7ilir, ancak manzara bu zahmete de\u011fmektedir. Kaleden vadi manzaras\u0131 b\u00fcy\u00fcleyicidir ve foto\u011fraf\u00e7\u0131lar i\u00e7in harika bir yerdir.\t\t\t\t\t\t\t\t<\/div>\n\t\t\t\t<\/div>\n\t\t\t\t<div class=\"elementor-element elementor-element-68d2036 elementor-widget elementor-widget-image\" data-id=\"68d2036\" data-element_type=\"widget\" data-widget_type=\"image.default\">\n\t\t\t\t<div class=\"elementor-widget-container\">\n\t\t\t\t\t\t\t\t\t\t\t\t\t\t\t<img loading=\"lazy\" decoding=\"async\" width=\"1000\" height=\"594\" src=\"https:\/\/meftare.com\/rehber\/wp-content\/uploads\/2024\/07\/zilkale.jpg\" class=\"attachment-large size-large wp-image-1557\" alt=\"\" srcset=\"https:\/\/meftare.com\/rehber\/wp-content\/uploads\/2024\/07\/zilkale.jpg 1000w, https:\/\/meftare.com\/rehber\/wp-content\/uploads\/2024\/07\/zilkale-300x178.jpg 300w, https:\/\/meftare.com\/rehber\/wp-content\/uploads\/2024\/07\/zilkale-200x119.jpg 200w, https:\/\/meftare.com\/rehber\/wp-content\/uploads\/2024\/07\/zilkale-768x456.jpg 768w, https:\/\/meftare.com\/rehber\/wp-content\/uploads\/2024\/07\/zilkale-480x285.jpg 480w\" sizes=\"auto, (max-width: 1000px) 100vw, 1000px\" \/>\t\t\t\t\t\t\t\t\t\t\t\t\t\t\t<\/div>\n\t\t\t\t<\/div>\n\t\t\t\t<div class=\"elementor-element elementor-element-1fc61d2 elementor-widget-divider--view-line elementor-widget elementor-widget-divider\" data-id=\"1fc61d2\" data-element_type=\"widget\" data-widget_type=\"divider.default\">\n\t\t\t\t<div class=\"elementor-widget-container\">\n\t\t\t\t\t\t\t<div class=\"elementor-divider\">\n\t\t\t<span class=\"elementor-divider-separator\">\n\t\t\t\t\t\t<\/span>\n\t\t<\/div>\n\t\t\t\t\t\t<\/div>\n\t\t\t\t<\/div>\n\t\t\t\t<div class=\"elementor-element elementor-element-6d1fbb0 elementor-widget elementor-widget-text-editor\" data-id=\"6d1fbb0\" data-element_type=\"widget\" data-widget_type=\"text-editor.default\">\n\t\t\t\t<div class=\"elementor-widget-container\">\n\t\t\t\t\t\t\t\t\t<b>3. Ayder Yaylas\u0131\n<\/b><\/br>Ayder Yaylas\u0131, Arde\u015fen&#8217;e yakla\u015f\u0131k 38 km uzakl\u0131kta bulunur. Yayla, yemye\u015fil \u00e7ay\u0131rlar\u0131, ormanlar\u0131 ve kapl\u0131calar\u0131 ile \u00fcnl\u00fcd\u00fcr. Ayder Yaylas\u0131, \u00f6zellikle yaz aylar\u0131nda serinlemek ve do\u011fan\u0131n tad\u0131n\u0131 \u00e7\u0131karmak isteyenler i\u00e7in ideal bir ka\u00e7\u0131\u015f noktas\u0131d\u0131r. Ayr\u0131ca, yaylada yerel yemekleri tadabilece\u011finiz restoranlar ve pansiyonlar bulunur. Ayder&#8217;de ayr\u0131ca her y\u0131l d\u00fczenlenen yayla \u015fenlikleri ve festivaller de bulunmaktad\u0131r.\t\t\t\t\t\t\t\t<\/div>\n\t\t\t\t<\/div>\n\t\t\t\t<div class=\"elementor-element elementor-element-67f86ff elementor-widget elementor-widget-image\" data-id=\"67f86ff\" data-element_type=\"widget\" data-widget_type=\"image.default\">\n\t\t\t\t<div class=\"elementor-widget-container\">\n\t\t\t\t\t\t\t\t\t\t\t\t\t\t\t<img loading=\"lazy\" decoding=\"async\" width=\"1024\" height=\"719\" src=\"https:\/\/meftare.com\/rehber\/wp-content\/uploads\/2024\/07\/ayder-1024x719.jpg\" class=\"attachment-large size-large wp-image-1559\" alt=\"\" srcset=\"https:\/\/meftare.com\/rehber\/wp-content\/uploads\/2024\/07\/ayder-1024x719.jpg 1024w, https:\/\/meftare.com\/rehber\/wp-content\/uploads\/2024\/07\/ayder-300x211.jpg 300w, https:\/\/meftare.com\/rehber\/wp-content\/uploads\/2024\/07\/ayder-200x140.jpg 200w, https:\/\/meftare.com\/rehber\/wp-content\/uploads\/2024\/07\/ayder-768x539.jpg 768w, https:\/\/meftare.com\/rehber\/wp-content\/uploads\/2024\/07\/ayder-1536x1078.jpg 1536w, https:\/\/meftare.com\/rehber\/wp-content\/uploads\/2024\/07\/ayder-480x337.jpg 480w, https:\/\/meftare.com\/rehber\/wp-content\/uploads\/2024\/07\/ayder.jpg 1539w\" sizes=\"auto, (max-width: 1024px) 100vw, 1024px\" \/>\t\t\t\t\t\t\t\t\t\t\t\t\t\t\t<\/div>\n\t\t\t\t<\/div>\n\t\t\t\t<div class=\"elementor-element elementor-element-f1f473c elementor-widget-divider--view-line elementor-widget elementor-widget-divider\" data-id=\"f1f473c\" data-element_type=\"widget\" data-widget_type=\"divider.default\">\n\t\t\t\t<div class=\"elementor-widget-container\">\n\t\t\t\t\t\t\t<div class=\"elementor-divider\">\n\t\t\t<span class=\"elementor-divider-separator\">\n\t\t\t\t\t\t<\/span>\n\t\t<\/div>\n\t\t\t\t\t\t<\/div>\n\t\t\t\t<\/div>\n\t\t\t\t<div class=\"elementor-element elementor-element-b744d36 elementor-widget elementor-widget-text-editor\" data-id=\"b744d36\" data-element_type=\"widget\" data-widget_type=\"text-editor.default\">\n\t\t\t\t<div class=\"elementor-widget-container\">\n\t\t\t\t\t\t\t\t\t<b>4. Ka\u00e7kar Da\u011flar\u0131 Milli Park\u0131\n<\/b><\/br>Ka\u00e7kar Da\u011flar\u0131 Milli Park\u0131, T\u00fcrkiye&#8217;nin en y\u00fcksek d\u00f6rd\u00fcnc\u00fc da\u011f\u0131 olan Ka\u00e7kar Da\u011f\u0131&#8217;n\u0131 i\u00e7erir. Milli park, zengin flora ve faunas\u0131, buzul g\u00f6lleri ve muhte\u015fem da\u011f manzaralar\u0131 ile do\u011fa severler i\u00e7in bir cennettir. Parkta \u00e7e\u015fitli zorluk seviyelerinde trekking rotalar\u0131 bulunur. Zirveye t\u0131rmanmak isteyenler i\u00e7in ise rehber e\u015fli\u011finde turlar d\u00fczenlenmektedir\t\t\t\t\t\t\t\t<\/div>\n\t\t\t\t<\/div>\n\t\t\t\t<div class=\"elementor-element elementor-element-6d725b1 elementor-widget elementor-widget-image\" data-id=\"6d725b1\" data-element_type=\"widget\" data-widget_type=\"image.default\">\n\t\t\t\t<div class=\"elementor-widget-container\">\n\t\t\t\t\t\t\t\t\t\t\t\t\t\t\t<img loading=\"lazy\" decoding=\"async\" width=\"1000\" height=\"670\" src=\"https:\/\/meftare.com\/rehber\/wp-content\/uploads\/2024\/07\/kackardaglari.jpg\" class=\"attachment-large size-large wp-image-1560\" alt=\"\" srcset=\"https:\/\/meftare.com\/rehber\/wp-content\/uploads\/2024\/07\/kackardaglari.jpg 1000w, https:\/\/meftare.com\/rehber\/wp-content\/uploads\/2024\/07\/kackardaglari-300x201.jpg 300w, https:\/\/meftare.com\/rehber\/wp-content\/uploads\/2024\/07\/kackardaglari-200x134.jpg 200w, https:\/\/meftare.com\/rehber\/wp-content\/uploads\/2024\/07\/kackardaglari-768x515.jpg 768w, https:\/\/meftare.com\/rehber\/wp-content\/uploads\/2024\/07\/kackardaglari-480x322.jpg 480w\" sizes=\"auto, (max-width: 1000px) 100vw, 1000px\" \/>\t\t\t\t\t\t\t\t\t\t\t\t\t\t\t<\/div>\n\t\t\t\t<\/div>\n\t\t\t\t<div class=\"elementor-element elementor-element-c330904 elementor-widget-divider--view-line elementor-widget elementor-widget-divider\" data-id=\"c330904\" data-element_type=\"widget\" data-widget_type=\"divider.default\">\n\t\t\t\t<div class=\"elementor-widget-container\">\n\t\t\t\t\t\t\t<div class=\"elementor-divider\">\n\t\t\t<span class=\"elementor-divider-separator\">\n\t\t\t\t\t\t<\/span>\n\t\t<\/div>\n\t\t\t\t\t\t<\/div>\n\t\t\t\t<\/div>\n\t\t\t\t<div class=\"elementor-element elementor-element-bcac377 elementor-widget elementor-widget-text-editor\" data-id=\"bcac377\" data-element_type=\"widget\" data-widget_type=\"text-editor.default\">\n\t\t\t\t<div class=\"elementor-widget-container\">\n\t\t\t\t\t\t\t\t\t<b>5. Palovit \u015eelalesi\n<\/b><\/br>Palovit \u015eelalesi, b\u00f6lgenin en g\u00fc\u00e7l\u00fc ve etkileyici \u015felalelerinden biridir. Yakla\u015f\u0131k 15 metre y\u00fcksekli\u011findeki \u015felale, g\u00fcr\u00fcl g\u00fcr\u00fcl akan suyu ve \u00e7evresindeki ye\u015fil do\u011fa ile ziyaret\u00e7ilerini b\u00fcy\u00fcler. \u015eelaleye ula\u015fmak i\u00e7in k\u0131sa bir y\u00fcr\u00fcy\u00fc\u015f yapman\u0131z gerekmektedir, ancak yolculuk boyunca do\u011fan\u0131n g\u00fczelliklerini g\u00f6rmek m\u00fcmk\u00fcnd\u00fcr.\t\t\t\t\t\t\t\t<\/div>\n\t\t\t\t<\/div>\n\t\t\t\t<div class=\"elementor-element elementor-element-9045deb elementor-widget elementor-widget-image\" data-id=\"9045deb\" data-element_type=\"widget\" data-widget_type=\"image.default\">\n\t\t\t\t<div class=\"elementor-widget-container\">\n\t\t\t\t\t\t\t\t\t\t\t\t\t\t\t<img loading=\"lazy\" decoding=\"async\" width=\"1000\" height=\"667\" src=\"https:\/\/meftare.com\/rehber\/wp-content\/uploads\/2024\/07\/palovitselalesi.jpg\" class=\"attachment-large size-large wp-image-1561\" alt=\"\" srcset=\"https:\/\/meftare.com\/rehber\/wp-content\/uploads\/2024\/07\/palovitselalesi.jpg 1000w, https:\/\/meftare.com\/rehber\/wp-content\/uploads\/2024\/07\/palovitselalesi-300x200.jpg 300w, https:\/\/meftare.com\/rehber\/wp-content\/uploads\/2024\/07\/palovitselalesi-200x133.jpg 200w, https:\/\/meftare.com\/rehber\/wp-content\/uploads\/2024\/07\/palovitselalesi-768x512.jpg 768w, https:\/\/meftare.com\/rehber\/wp-content\/uploads\/2024\/07\/palovitselalesi-480x320.jpg 480w\" sizes=\"auto, (max-width: 1000px) 100vw, 1000px\" \/>\t\t\t\t\t\t\t\t\t\t\t\t\t\t\t<\/div>\n\t\t\t\t<\/div>\n\t\t\t\t<div class=\"elementor-element elementor-element-16fe722 elementor-widget-divider--view-line elementor-widget elementor-widget-divider\" data-id=\"16fe722\" data-element_type=\"widget\" data-widget_type=\"divider.default\">\n\t\t\t\t<div class=\"elementor-widget-container\">\n\t\t\t\t\t\t\t<div class=\"elementor-divider\">\n\t\t\t<span class=\"elementor-divider-separator\">\n\t\t\t\t\t\t<\/span>\n\t\t<\/div>\n\t\t\t\t\t\t<\/div>\n\t\t\t\t<\/div>\n\t\t\t\t<div class=\"elementor-element elementor-element-fd0b757 elementor-widget elementor-widget-text-editor\" data-id=\"fd0b757\" data-element_type=\"widget\" data-widget_type=\"text-editor.default\">\n\t\t\t\t<div class=\"elementor-widget-container\">\n\t\t\t\t\t\t\t\t\t<b>6. \u00c7aml\u0131hem\u015fin\n<\/b><\/br>\u00c7aml\u0131hem\u015fin, Arde\u015fen&#8217;e yakla\u015f\u0131k 15 km uzakl\u0131kta bulunan k\u00fc\u00e7\u00fck bir il\u00e7edir. \u00c7aml\u0131hem\u015fin, tarihi ta\u015f k\u00f6pr\u00fcleri, ah\u015fap evleri ve do\u011fa ile i\u00e7 i\u00e7e ge\u00e7mi\u015f yap\u0131s\u0131 ile dikkat \u00e7eker. \u0130l\u00e7ede bulunan \u00c7in\u00e7iva K\u00f6y\u00fc, \u00f6zellikle ta\u015f k\u00f6pr\u00fcs\u00fc ve geleneksel mimarisi ile \u00fcnl\u00fcd\u00fcr. \u00c7aml\u0131hem\u015fin&#8217;de ayr\u0131ca yerel el sanatlar\u0131 ve organik \u00fcr\u00fcnlerin sat\u0131ld\u0131\u011f\u0131 k\u00fc\u00e7\u00fck pazarlar bulunmaktad\u0131r.\t\t\t\t\t\t\t\t<\/div>\n\t\t\t\t<\/div>\n\t\t\t\t<div class=\"elementor-element elementor-element-1b287c2 elementor-widget elementor-widget-image\" data-id=\"1b287c2\" data-element_type=\"widget\" data-widget_type=\"image.default\">\n\t\t\t\t<div class=\"elementor-widget-container\">\n\t\t\t\t\t\t\t\t\t\t\t\t\t\t\t<img loading=\"lazy\" decoding=\"async\" width=\"736\" height=\"907\" src=\"https:\/\/meftare.com\/rehber\/wp-content\/uploads\/2024\/07\/camlihemsin.jpg\" class=\"attachment-large size-large wp-image-1562\" alt=\"\" srcset=\"https:\/\/meftare.com\/rehber\/wp-content\/uploads\/2024\/07\/camlihemsin.jpg 736w, https:\/\/meftare.com\/rehber\/wp-content\/uploads\/2024\/07\/camlihemsin-300x370.jpg 300w, https:\/\/meftare.com\/rehber\/wp-content\/uploads\/2024\/07\/camlihemsin-200x246.jpg 200w, https:\/\/meftare.com\/rehber\/wp-content\/uploads\/2024\/07\/camlihemsin-480x592.jpg 480w\" sizes=\"auto, (max-width: 736px) 100vw, 736px\" \/>\t\t\t\t\t\t\t\t\t\t\t\t\t\t\t<\/div>\n\t\t\t\t<\/div>\n\t\t\t\t<div class=\"elementor-element elementor-element-1838f9c elementor-widget-divider--view-line elementor-widget elementor-widget-divider\" data-id=\"1838f9c\" data-element_type=\"widget\" data-widget_type=\"divider.default\">\n\t\t\t\t<div class=\"elementor-widget-container\">\n\t\t\t\t\t\t\t<div class=\"elementor-divider\">\n\t\t\t<span class=\"elementor-divider-separator\">\n\t\t\t\t\t\t<\/span>\n\t\t<\/div>\n\t\t\t\t\t\t<\/div>\n\t\t\t\t<\/div>\n\t\t\t\t<div class=\"elementor-element elementor-element-b6a6309 elementor-widget elementor-widget-text-editor\" data-id=\"b6a6309\" data-element_type=\"widget\" data-widget_type=\"text-editor.default\">\n\t\t\t\t<div class=\"elementor-widget-container\">\n\t\t\t\t\t\t\t\t\t<b>7. \u015eenyuva K\u00f6pr\u00fcs\u00fc\n<\/b><\/br>\u015eenyuva K\u00f6pr\u00fcs\u00fc, F\u0131rt\u0131na Deresi \u00fczerinde yer alan tarihi bir ta\u015f k\u00f6pr\u00fcd\u00fcr. 1696 y\u0131l\u0131nda in\u015fa edilen k\u00f6pr\u00fc, b\u00f6lgenin en eski k\u00f6pr\u00fclerinden biridir. K\u00f6pr\u00fc, foto\u011fraf \u00e7ekmek i\u00e7in pop\u00fcler bir noktad\u0131r ve \u00e7evresindeki manzara ile birle\u015fti\u011finde muhte\u015fem bir g\u00f6r\u00fcnt\u00fc sunar. K\u00f6pr\u00fcn\u00fcn hemen yan\u0131nda k\u00fc\u00e7\u00fck bir \u00e7ay bah\u00e7esi bulunur, burada \u00e7ay\u0131n\u0131z\u0131 yudumlayarak manzaran\u0131n tad\u0131n\u0131 \u00e7\u0131karabilirsiniz\n\n<!-- \/wp:paragraph -->\t\t\t\t\t\t\t\t<\/div>\n\t\t\t\t<\/div>\n\t\t\t\t<div class=\"elementor-element elementor-element-7cd32c7 elementor-widget elementor-widget-image\" data-id=\"7cd32c7\" data-element_type=\"widget\" data-widget_type=\"image.default\">\n\t\t\t\t<div class=\"elementor-widget-container\">\n\t\t\t\t\t\t\t\t\t\t\t\t\t\t\t<img loading=\"lazy\" decoding=\"async\" width=\"1024\" height=\"576\" src=\"https:\/\/meftare.com\/rehber\/wp-content\/uploads\/2024\/07\/senyuva_koyu-1024x576.jpg\" class=\"attachment-large size-large wp-image-1563\" alt=\"\" srcset=\"https:\/\/meftare.com\/rehber\/wp-content\/uploads\/2024\/07\/senyuva_koyu-1024x576.jpg 1024w, https:\/\/meftare.com\/rehber\/wp-content\/uploads\/2024\/07\/senyuva_koyu-300x169.jpg 300w, https:\/\/meftare.com\/rehber\/wp-content\/uploads\/2024\/07\/senyuva_koyu-200x113.jpg 200w, https:\/\/meftare.com\/rehber\/wp-content\/uploads\/2024\/07\/senyuva_koyu-768x432.jpg 768w, https:\/\/meftare.com\/rehber\/wp-content\/uploads\/2024\/07\/senyuva_koyu-480x270.jpg 480w, https:\/\/meftare.com\/rehber\/wp-content\/uploads\/2024\/07\/senyuva_koyu.jpg 1280w\" sizes=\"auto, (max-width: 1024px) 100vw, 1024px\" \/>\t\t\t\t\t\t\t\t\t\t\t\t\t\t\t<\/div>\n\t\t\t\t<\/div>\n\t\t\t\t<div class=\"elementor-element elementor-element-385e58c elementor-widget-divider--view-line elementor-widget elementor-widget-divider\" data-id=\"385e58c\" data-element_type=\"widget\" data-widget_type=\"divider.default\">\n\t\t\t\t<div class=\"elementor-widget-container\">\n\t\t\t\t\t\t\t<div class=\"elementor-divider\">\n\t\t\t<span class=\"elementor-divider-separator\">\n\t\t\t\t\t\t<\/span>\n\t\t<\/div>\n\t\t\t\t\t\t<\/div>\n\t\t\t\t<\/div>\n\t\t\t\t<div class=\"elementor-element elementor-element-05911cb elementor-widget elementor-widget-text-editor\" data-id=\"05911cb\" data-element_type=\"widget\" data-widget_type=\"text-editor.default\">\n\t\t\t\t<div class=\"elementor-widget-container\">\n\t\t\t\t\t\t\t\t\t<b>8. \u00c7at Vadisi\n<\/b><\/br>\u00c7at Vadisi, y\u00fcksek rak\u0131ml\u0131 ve olduk\u00e7a do\u011fal bir vadidir. Vadi, do\u011fa y\u00fcr\u00fcy\u00fc\u015fleri, kamp ve do\u011fa foto\u011fraf\u00e7\u0131l\u0131\u011f\u0131 i\u00e7in m\u00fckemmel bir yerdir. \u00c7at Vadisi&#8217;nde y\u00fcr\u00fcy\u00fc\u015f yaparken \u00e7e\u015fitli bitki t\u00fcrlerini ve yerel vah\u015fi ya\u015fam\u0131 g\u00f6zlemleyebilirsiniz. Vadide ayr\u0131ca eski ta\u015f evler ve tarihi yap\u0131lar da bulunur.\n\t\t\t\t\t\t\t\t<\/div>\n\t\t\t\t<\/div>\n\t\t\t\t<div class=\"elementor-element elementor-element-ad55a2a elementor-widget elementor-widget-image\" data-id=\"ad55a2a\" data-element_type=\"widget\" data-widget_type=\"image.default\">\n\t\t\t\t<div class=\"elementor-widget-container\">\n\t\t\t\t\t\t\t\t\t\t\t\t\t\t\t<img loading=\"lazy\" decoding=\"async\" width=\"1024\" height=\"680\" src=\"https:\/\/meftare.com\/rehber\/wp-content\/uploads\/2024\/07\/CatKoyu-1.jpg\" class=\"attachment-large size-large wp-image-1566\" alt=\"\" srcset=\"https:\/\/meftare.com\/rehber\/wp-content\/uploads\/2024\/07\/CatKoyu-1.jpg 1024w, https:\/\/meftare.com\/rehber\/wp-content\/uploads\/2024\/07\/CatKoyu-1-300x199.jpg 300w, https:\/\/meftare.com\/rehber\/wp-content\/uploads\/2024\/07\/CatKoyu-1-200x133.jpg 200w, https:\/\/meftare.com\/rehber\/wp-content\/uploads\/2024\/07\/CatKoyu-1-768x510.jpg 768w, https:\/\/meftare.com\/rehber\/wp-content\/uploads\/2024\/07\/CatKoyu-1-480x319.jpg 480w\" sizes=\"auto, (max-width: 1024px) 100vw, 1024px\" \/>\t\t\t\t\t\t\t\t\t\t\t\t\t\t\t<\/div>\n\t\t\t\t<\/div>\n\t\t\t\t<div class=\"elementor-element elementor-element-d77d907 elementor-widget-divider--view-line elementor-widget elementor-widget-divider\" data-id=\"d77d907\" data-element_type=\"widget\" data-widget_type=\"divider.default\">\n\t\t\t\t<div class=\"elementor-widget-container\">\n\t\t\t\t\t\t\t<div class=\"elementor-divider\">\n\t\t\t<span class=\"elementor-divider-separator\">\n\t\t\t\t\t\t<\/span>\n\t\t<\/div>\n\t\t\t\t\t\t<\/div>\n\t\t\t\t<\/div>\n\t\t\t\t<div class=\"elementor-element elementor-element-6d857b7 elementor-widget elementor-widget-text-editor\" data-id=\"6d857b7\" data-element_type=\"widget\" data-widget_type=\"text-editor.default\">\n\t\t\t\t<div class=\"elementor-widget-container\">\n\t\t\t\t\t\t\t\t\t<p>Arde\u015fen ve \u00e7evresi, do\u011fal g\u00fczellikleri, tarihi yap\u0131lar\u0131 ve zengin k\u00fclt\u00fcrel miras\u0131 ile ziyaret\u00e7ilerine unutulmaz bir deneyim sunar. Yerel halk\u0131n misafirperverli\u011fi ve Karadeniz&#8217;in kendine \u00f6zg\u00fc lezzetleri de bu deneyimi daha da \u00f6zel k\u0131lar.<\/p><p><!-- \/wp:paragraph --><\/p>\t\t\t\t\t\t\t\t<\/div>\n\t\t\t\t<\/div>\n\t\t\t\t\t<\/div>\n\t\t\t\t<\/div>\n\t\t\t\t<\/div>\n\t\t","protected":false},"excerpt":{"rendered":"<p>Arde\u015fen, do\u011fal g\u00fczellikleri, tarihi yap\u0131lar\u0131 ve zengin k\u00fclt\u00fcrel miras\u0131 ile ziyaret\u00e7ilerine unutulmaz deneyimler sunan bir il\u00e7edir. Bu b\u00f6lgeyi ziyaret ederek Karadeniz&#8217;in e\u015fsiz atmosferini ve misafirperverli\u011fini ke\u015ffedebilirsiniz. 1. F\u0131rt\u0131na Vadisi F\u0131rt\u0131na Vadisi, Karadeniz&#8217;in en etkileyici do\u011fal g\u00fczelliklerinden biridir. Vadi boyunca akan F\u0131rt\u0131na Deresi, rafting ve kano gibi su sporlar\u0131 i\u00e7in pop\u00fcler bir yerdir. Ayr\u0131ca, vadi boyunca \u00e7e\u015fitli trekking rotalar\u0131 bulunur, bu rotalarda y\u00fcr\u00fcy\u00fc\u015f yaparak do\u011fan\u0131n tad\u0131n\u0131 \u00e7\u0131karabilirsiniz. Vadideki k\u00f6ylerde geleneksel Karadeniz evleri ve yerel halk\u0131n ya\u015fam tarz\u0131n\u0131 g\u00f6zlemleyebilirsiniz. 2. Zilkale Zilkale, F\u0131rt\u0131na Vadisi&#8217;nin derinliklerinde, bir u\u00e7urumun tepesinde yer al\u0131r. 14. y\u00fczy\u0131lda in\u015fa edilen bu tarihi kale, 750 metre rak\u0131mda bulunmaktad\u0131r. Kaleye ula\u015fmak i\u00e7in dar bir yoldan ge\u00e7ilir, ancak manzara bu zahmete de\u011fmektedir. Kaleden vadi manzaras\u0131 b\u00fcy\u00fcleyicidir ve foto\u011fraf\u00e7\u0131lar i\u00e7in harika bir yerdir. 3. Ayder Yaylas\u0131 Ayder Yaylas\u0131, Arde\u015fen&#8217;e yakla\u015f\u0131k 38 km uzakl\u0131kta bulunur. Yayla, yemye\u015fil \u00e7ay\u0131rlar\u0131, ormanlar\u0131 ve kapl\u0131calar\u0131 ile \u00fcnl\u00fcd\u00fcr. Ayder Yaylas\u0131, \u00f6zellikle yaz aylar\u0131nda serinlemek ve do\u011fan\u0131n tad\u0131n\u0131 \u00e7\u0131karmak isteyenler i\u00e7in ideal bir ka\u00e7\u0131\u015f noktas\u0131d\u0131r. Ayr\u0131ca, yaylada yerel yemekleri tadabilece\u011finiz restoranlar ve pansiyonlar bulunur. Ayder&#8217;de ayr\u0131ca her y\u0131l d\u00fczenlenen yayla \u015fenlikleri ve festivaller de bulunmaktad\u0131r. 4. Ka\u00e7kar Da\u011flar\u0131 Milli Park\u0131 Ka\u00e7kar Da\u011flar\u0131 Milli Park\u0131, T\u00fcrkiye&#8217;nin en y\u00fcksek d\u00f6rd\u00fcnc\u00fc da\u011f\u0131 olan Ka\u00e7kar Da\u011f\u0131&#8217;n\u0131 i\u00e7erir. Milli park, zengin flora ve faunas\u0131, &hellip;<\/p>\n","protected":false},"author":1,"featured_media":1551,"comment_status":"closed","ping_status":"open","sticky":false,"template":"","format":"standard","meta":{"_acf_changed":false,"footnotes":""},"categories":[37],"tags":[],"class_list":["post-1545","post","type-post","status-publish","format-standard","has-post-thumbnail","hentry","category-ardesen"],"acf":[],"yoast_head":"<!-- This site is optimized with the Yoast SEO Premium plugin v23.6 (Yoast SEO v23.6) - https:\/\/yoast.com\/wordpress\/plugins\/seo\/ -->\n<title>Arde\u015fen Gezilecek Yerler Listesi \u2013 En G\u00fczel 8 Yer! - Meftare.Com<\/title>\n<meta name=\"description\" content=\"Arde\u015fen, do\u011fal g\u00fczellikleri, tarihi yap\u0131lar\u0131 ve zengin k\u00fclt\u00fcrel miras\u0131 ile ziyaret\u00e7ilerine unutulmaz deneyimler sunan bir il\u00e7edir.\" \/>\n<meta name=\"robots\" content=\"index, follow, max-snippet:-1, max-image-preview:large, max-video-preview:-1\" \/>\n<link rel=\"canonical\" href=\"https:\/\/meftare.com\/rehber\/ardesen-gezilecek-yerler-listesi-en-guzel-8-yer\/\" \/>\n<meta property=\"og:locale\" content=\"tr_TR\" \/>\n<meta property=\"og:type\" content=\"article\" \/>\n<meta property=\"og:title\" content=\"Arde\u015fen Gezilecek Yerler Listesi \u2013 En G\u00fczel 8 Yer!\" \/>\n<meta property=\"og:description\" content=\"Arde\u015fen, do\u011fal g\u00fczellikleri, tarihi yap\u0131lar\u0131 ve zengin k\u00fclt\u00fcrel miras\u0131 ile ziyaret\u00e7ilerine unutulmaz deneyimler sunan bir il\u00e7edir.\" \/>\n<meta property=\"og:url\" content=\"https:\/\/meftare.com\/rehber\/ardesen-gezilecek-yerler-listesi-en-guzel-8-yer\/\" \/>\n<meta property=\"og:site_name\" content=\"Meftare.Com\" \/>\n<meta property=\"article:publisher\" content=\"https:\/\/facebook.com\/meftare.tr\" \/>\n<meta property=\"article:published_time\" content=\"2024-07-05T11:12:52+00:00\" \/>\n<meta property=\"article:modified_time\" content=\"2024-07-07T13:55:36+00:00\" \/>\n<meta property=\"og:image\" content=\"https:\/\/meftare.com\/rehber\/wp-content\/uploads\/2024\/07\/ardesen.png\" \/>\n\t<meta property=\"og:image:width\" content=\"957\" \/>\n\t<meta property=\"og:image:height\" content=\"638\" \/>\n\t<meta property=\"og:image:type\" content=\"image\/png\" \/>\n<meta name=\"author\" content=\"admin\" \/>\n<meta name=\"twitter:card\" content=\"summary_large_image\" \/>\n<meta name=\"twitter:label1\" content=\"Yazan:\" \/>\n\t<meta name=\"twitter:data1\" content=\"admin\" \/>\n\t<meta name=\"twitter:label2\" content=\"Tahmini okuma s\u00fcresi\" \/>\n\t<meta name=\"twitter:data2\" content=\"5 dakika\" \/>\n<script type=\"application\/ld+json\" class=\"yoast-schema-graph\">{\"@context\":\"https:\/\/schema.org\",\"@graph\":[{\"@type\":\"Article\",\"@id\":\"https:\/\/meftare.com\/rehber\/ardesen-gezilecek-yerler-listesi-en-guzel-8-yer\/#article\",\"isPartOf\":{\"@id\":\"https:\/\/meftare.com\/rehber\/ardesen-gezilecek-yerler-listesi-en-guzel-8-yer\/\"},\"author\":{\"name\":\"admin\",\"@id\":\"https:\/\/meftare.com\/rehber\/#\/schema\/person\/b61d8257f3f98594d5fe77222ca77688\"},\"headline\":\"Arde\u015fen Gezilecek Yerler Listesi \u2013 En G\u00fczel 8 Yer!\",\"datePublished\":\"2024-07-05T11:12:52+00:00\",\"dateModified\":\"2024-07-07T13:55:36+00:00\",\"mainEntityOfPage\":{\"@id\":\"https:\/\/meftare.com\/rehber\/ardesen-gezilecek-yerler-listesi-en-guzel-8-yer\/\"},\"wordCount\":670,\"publisher\":{\"@id\":\"https:\/\/meftare.com\/rehber\/#organization\"},\"image\":{\"@id\":\"https:\/\/meftare.com\/rehber\/ardesen-gezilecek-yerler-listesi-en-guzel-8-yer\/#primaryimage\"},\"thumbnailUrl\":\"https:\/\/meftare.com\/rehber\/wp-content\/uploads\/2024\/07\/ardesen.png\",\"articleSection\":[\"Arde\u015fen\"],\"inLanguage\":\"tr\"},{\"@type\":\"WebPage\",\"@id\":\"https:\/\/meftare.com\/rehber\/ardesen-gezilecek-yerler-listesi-en-guzel-8-yer\/\",\"url\":\"https:\/\/meftare.com\/rehber\/ardesen-gezilecek-yerler-listesi-en-guzel-8-yer\/\",\"name\":\"Arde\u015fen Gezilecek Yerler Listesi \u2013 En G\u00fczel 8 Yer! - Meftare.Com\",\"isPartOf\":{\"@id\":\"https:\/\/meftare.com\/rehber\/#website\"},\"primaryImageOfPage\":{\"@id\":\"https:\/\/meftare.com\/rehber\/ardesen-gezilecek-yerler-listesi-en-guzel-8-yer\/#primaryimage\"},\"image\":{\"@id\":\"https:\/\/meftare.com\/rehber\/ardesen-gezilecek-yerler-listesi-en-guzel-8-yer\/#primaryimage\"},\"thumbnailUrl\":\"https:\/\/meftare.com\/rehber\/wp-content\/uploads\/2024\/07\/ardesen.png\",\"datePublished\":\"2024-07-05T11:12:52+00:00\",\"dateModified\":\"2024-07-07T13:55:36+00:00\",\"description\":\"Arde\u015fen, do\u011fal g\u00fczellikleri, tarihi yap\u0131lar\u0131 ve zengin k\u00fclt\u00fcrel miras\u0131 ile ziyaret\u00e7ilerine unutulmaz deneyimler sunan bir il\u00e7edir.\",\"inLanguage\":\"tr\",\"potentialAction\":[{\"@type\":\"ReadAction\",\"target\":[\"https:\/\/meftare.com\/rehber\/ardesen-gezilecek-yerler-listesi-en-guzel-8-yer\/\"]}]},{\"@type\":\"ImageObject\",\"inLanguage\":\"tr\",\"@id\":\"https:\/\/meftare.com\/rehber\/ardesen-gezilecek-yerler-listesi-en-guzel-8-yer\/#primaryimage\",\"url\":\"https:\/\/meftare.com\/rehber\/wp-content\/uploads\/2024\/07\/ardesen.png\",\"contentUrl\":\"https:\/\/meftare.com\/rehber\/wp-content\/uploads\/2024\/07\/ardesen.png\",\"width\":957,\"height\":638},{\"@type\":\"WebSite\",\"@id\":\"https:\/\/meftare.com\/rehber\/#website\",\"url\":\"https:\/\/meftare.com\/rehber\/\",\"name\":\"Meftare.Com\",\"description\":\"Karadeniz Tatil, Seyahat ve Konaklama Rehberi\",\"publisher\":{\"@id\":\"https:\/\/meftare.com\/rehber\/#organization\"},\"alternateName\":\"Meftare\",\"potentialAction\":[{\"@type\":\"SearchAction\",\"target\":{\"@type\":\"EntryPoint\",\"urlTemplate\":\"https:\/\/meftare.com\/rehber\/?s={search_term_string}\"},\"query-input\":{\"@type\":\"PropertyValueSpecification\",\"valueRequired\":true,\"valueName\":\"search_term_string\"}}],\"inLanguage\":\"tr\"},{\"@type\":\"Organization\",\"@id\":\"https:\/\/meftare.com\/rehber\/#organization\",\"name\":\"Meftare.Com\",\"alternateName\":\"Meftare.Com\",\"url\":\"https:\/\/meftare.com\/rehber\/\",\"logo\":{\"@type\":\"ImageObject\",\"inLanguage\":\"tr\",\"@id\":\"https:\/\/meftare.com\/rehber\/#\/schema\/logo\/image\/\",\"url\":\"https:\/\/meftare.com\/rehber\/wp-content\/uploads\/2024\/08\/m.png\",\"contentUrl\":\"https:\/\/meftare.com\/rehber\/wp-content\/uploads\/2024\/08\/m.png\",\"width\":250,\"height\":250,\"caption\":\"Meftare.Com\"},\"image\":{\"@id\":\"https:\/\/meftare.com\/rehber\/#\/schema\/logo\/image\/\"},\"sameAs\":[\"https:\/\/facebook.com\/meftare.tr\",\"https:\/\/instagram.com\/meftare.tr\"]},{\"@type\":\"Person\",\"@id\":\"https:\/\/meftare.com\/rehber\/#\/schema\/person\/b61d8257f3f98594d5fe77222ca77688\",\"name\":\"admin\",\"image\":{\"@type\":\"ImageObject\",\"inLanguage\":\"tr\",\"@id\":\"https:\/\/meftare.com\/rehber\/#\/schema\/person\/image\/\",\"url\":\"https:\/\/meftare.com\/rehber\/wp-content\/litespeed\/avatar\/a50d7ecc842326533aa3b1a6f6159d91.jpg?ver=1777288975\",\"contentUrl\":\"https:\/\/meftare.com\/rehber\/wp-content\/litespeed\/avatar\/a50d7ecc842326533aa3b1a6f6159d91.jpg?ver=1777288975\",\"caption\":\"admin\"},\"sameAs\":[\"https:\/\/meftare.com\/rehber\"]}]}<\/script>\n<!-- \/ Yoast SEO Premium plugin. -->","yoast_head_json":{"title":"Arde\u015fen Gezilecek Yerler Listesi \u2013 En G\u00fczel 8 Yer! - Meftare.Com","description":"Arde\u015fen, do\u011fal g\u00fczellikleri, tarihi yap\u0131lar\u0131 ve zengin k\u00fclt\u00fcrel miras\u0131 ile ziyaret\u00e7ilerine unutulmaz deneyimler sunan bir il\u00e7edir.","robots":{"index":"index","follow":"follow","max-snippet":"max-snippet:-1","max-image-preview":"max-image-preview:large","max-video-preview":"max-video-preview:-1"},"canonical":"https:\/\/meftare.com\/rehber\/ardesen-gezilecek-yerler-listesi-en-guzel-8-yer\/","og_locale":"tr_TR","og_type":"article","og_title":"Arde\u015fen Gezilecek Yerler Listesi \u2013 En G\u00fczel 8 Yer!","og_description":"Arde\u015fen, do\u011fal g\u00fczellikleri, tarihi yap\u0131lar\u0131 ve zengin k\u00fclt\u00fcrel miras\u0131 ile ziyaret\u00e7ilerine unutulmaz deneyimler sunan bir il\u00e7edir.","og_url":"https:\/\/meftare.com\/rehber\/ardesen-gezilecek-yerler-listesi-en-guzel-8-yer\/","og_site_name":"Meftare.Com","article_publisher":"https:\/\/facebook.com\/meftare.tr","article_published_time":"2024-07-05T11:12:52+00:00","article_modified_time":"2024-07-07T13:55:36+00:00","og_image":[{"width":957,"height":638,"url":"https:\/\/meftare.com\/rehber\/wp-content\/uploads\/2024\/07\/ardesen.png","type":"image\/png"}],"author":"admin","twitter_card":"summary_large_image","twitter_misc":{"Yazan:":"admin","Tahmini okuma s\u00fcresi":"5 dakika"},"schema":{"@context":"https:\/\/schema.org","@graph":[{"@type":"Article","@id":"https:\/\/meftare.com\/rehber\/ardesen-gezilecek-yerler-listesi-en-guzel-8-yer\/#article","isPartOf":{"@id":"https:\/\/meftare.com\/rehber\/ardesen-gezilecek-yerler-listesi-en-guzel-8-yer\/"},"author":{"name":"admin","@id":"https:\/\/meftare.com\/rehber\/#\/schema\/person\/b61d8257f3f98594d5fe77222ca77688"},"headline":"Arde\u015fen Gezilecek Yerler Listesi \u2013 En G\u00fczel 8 Yer!","datePublished":"2024-07-05T11:12:52+00:00","dateModified":"2024-07-07T13:55:36+00:00","mainEntityOfPage":{"@id":"https:\/\/meftare.com\/rehber\/ardesen-gezilecek-yerler-listesi-en-guzel-8-yer\/"},"wordCount":670,"publisher":{"@id":"https:\/\/meftare.com\/rehber\/#organization"},"image":{"@id":"https:\/\/meftare.com\/rehber\/ardesen-gezilecek-yerler-listesi-en-guzel-8-yer\/#primaryimage"},"thumbnailUrl":"https:\/\/meftare.com\/rehber\/wp-content\/uploads\/2024\/07\/ardesen.png","articleSection":["Arde\u015fen"],"inLanguage":"tr"},{"@type":"WebPage","@id":"https:\/\/meftare.com\/rehber\/ardesen-gezilecek-yerler-listesi-en-guzel-8-yer\/","url":"https:\/\/meftare.com\/rehber\/ardesen-gezilecek-yerler-listesi-en-guzel-8-yer\/","name":"Arde\u015fen Gezilecek Yerler Listesi \u2013 En G\u00fczel 8 Yer! - Meftare.Com","isPartOf":{"@id":"https:\/\/meftare.com\/rehber\/#website"},"primaryImageOfPage":{"@id":"https:\/\/meftare.com\/rehber\/ardesen-gezilecek-yerler-listesi-en-guzel-8-yer\/#primaryimage"},"image":{"@id":"https:\/\/meftare.com\/rehber\/ardesen-gezilecek-yerler-listesi-en-guzel-8-yer\/#primaryimage"},"thumbnailUrl":"https:\/\/meftare.com\/rehber\/wp-content\/uploads\/2024\/07\/ardesen.png","datePublished":"2024-07-05T11:12:52+00:00","dateModified":"2024-07-07T13:55:36+00:00","description":"Arde\u015fen, do\u011fal g\u00fczellikleri, tarihi yap\u0131lar\u0131 ve zengin k\u00fclt\u00fcrel miras\u0131 ile ziyaret\u00e7ilerine unutulmaz deneyimler sunan bir il\u00e7edir.","inLanguage":"tr","potentialAction":[{"@type":"ReadAction","target":["https:\/\/meftare.com\/rehber\/ardesen-gezilecek-yerler-listesi-en-guzel-8-yer\/"]}]},{"@type":"ImageObject","inLanguage":"tr","@id":"https:\/\/meftare.com\/rehber\/ardesen-gezilecek-yerler-listesi-en-guzel-8-yer\/#primaryimage","url":"https:\/\/meftare.com\/rehber\/wp-content\/uploads\/2024\/07\/ardesen.png","contentUrl":"https:\/\/meftare.com\/rehber\/wp-content\/uploads\/2024\/07\/ardesen.png","width":957,"height":638},{"@type":"WebSite","@id":"https:\/\/meftare.com\/rehber\/#website","url":"https:\/\/meftare.com\/rehber\/","name":"Meftare.Com","description":"Karadeniz Tatil, Seyahat ve Konaklama Rehberi","publisher":{"@id":"https:\/\/meftare.com\/rehber\/#organization"},"alternateName":"Meftare","potentialAction":[{"@type":"SearchAction","target":{"@type":"EntryPoint","urlTemplate":"https:\/\/meftare.com\/rehber\/?s={search_term_string}"},"query-input":{"@type":"PropertyValueSpecification","valueRequired":true,"valueName":"search_term_string"}}],"inLanguage":"tr"},{"@type":"Organization","@id":"https:\/\/meftare.com\/rehber\/#organization","name":"Meftare.Com","alternateName":"Meftare.Com","url":"https:\/\/meftare.com\/rehber\/","logo":{"@type":"ImageObject","inLanguage":"tr","@id":"https:\/\/meftare.com\/rehber\/#\/schema\/logo\/image\/","url":"https:\/\/meftare.com\/rehber\/wp-content\/uploads\/2024\/08\/m.png","contentUrl":"https:\/\/meftare.com\/rehber\/wp-content\/uploads\/2024\/08\/m.png","width":250,"height":250,"caption":"Meftare.Com"},"image":{"@id":"https:\/\/meftare.com\/rehber\/#\/schema\/logo\/image\/"},"sameAs":["https:\/\/facebook.com\/meftare.tr","https:\/\/instagram.com\/meftare.tr"]},{"@type":"Person","@id":"https:\/\/meftare.com\/rehber\/#\/schema\/person\/b61d8257f3f98594d5fe77222ca77688","name":"admin","image":{"@type":"ImageObject","inLanguage":"tr","@id":"https:\/\/meftare.com\/rehber\/#\/schema\/person\/image\/","url":"https:\/\/meftare.com\/rehber\/wp-content\/litespeed\/avatar\/a50d7ecc842326533aa3b1a6f6159d91.jpg?ver=1777288975","contentUrl":"https:\/\/meftare.com\/rehber\/wp-content\/litespeed\/avatar\/a50d7ecc842326533aa3b1a6f6159d91.jpg?ver=1777288975","caption":"admin"},"sameAs":["https:\/\/meftare.com\/rehber"]}]}},"_links":{"self":[{"href":"https:\/\/meftare.com\/rehber\/wp-json\/wp\/v2\/posts\/1545","targetHints":{"allow":["GET"]}}],"collection":[{"href":"https:\/\/meftare.com\/rehber\/wp-json\/wp\/v2\/posts"}],"about":[{"href":"https:\/\/meftare.com\/rehber\/wp-json\/wp\/v2\/types\/post"}],"author":[{"embeddable":true,"href":"https:\/\/meftare.com\/rehber\/wp-json\/wp\/v2\/users\/1"}],"replies":[{"embeddable":true,"href":"https:\/\/meftare.com\/rehber\/wp-json\/wp\/v2\/comments?post=1545"}],"version-history":[{"count":21,"href":"https:\/\/meftare.com\/rehber\/wp-json\/wp\/v2\/posts\/1545\/revisions"}],"predecessor-version":[{"id":2434,"href":"https:\/\/meftare.com\/rehber\/wp-json\/wp\/v2\/posts\/1545\/revisions\/2434"}],"wp:featuredmedia":[{"embeddable":true,"href":"https:\/\/meftare.com\/rehber\/wp-json\/wp\/v2\/media\/1551"}],"wp:attachment":[{"href":"https:\/\/meftare.com\/rehber\/wp-json\/wp\/v2\/media?parent=1545"}],"wp:term":[{"taxonomy":"category","embeddable":true,"href":"https:\/\/meftare.com\/rehber\/wp-json\/wp\/v2\/categories?post=1545"},{"taxonomy":"post_tag","embeddable":true,"href":"https:\/\/meftare.com\/rehber\/wp-json\/wp\/v2\/tags?post=1545"}],"curies":[{"name":"wp","href":"https:\/\/api.w.org\/{rel}","templated":true}]}}